{"id":1313,"date":"2015-09-13T13:28:10","date_gmt":"2015-09-13T11:28:10","guid":{"rendered":"https:\/\/www.osservatorio.it\/?p=1313"},"modified":"2021-03-02T15:48:15","modified_gmt":"2021-03-02T14:48:15","slug":"tuttaltro-genere-dinformazione","status":"publish","type":"post","link":"https:\/\/www.osservatorio.it\/en\/tuttaltro-genere-dinformazione\/","title":{"rendered":"Tutt&#8217;altro genere d&#8217;informazione: il manuale del Consiglio dell&#8217;Ordine dei Giornalisti"},"content":{"rendered":"<p class=\"qtranxs-available-languages-message qtranxs-available-languages-message-en\">Sorry, this entry is only available in <a href=\"https:\/\/www.osservatorio.it\/it\/wp-json\/wp\/v2\/posts\/1313\" class=\"qtranxs-available-language-link qtranxs-available-language-link-it\" title=\"It\">It<\/a>.<\/p><p>La valorizzazione delle presenze femminili si sta facendo strada in vari livelli della nostra societ\u00e0,\u00a0ma resta ancora fortemente condizionata da stereotipi e cultura sessista nei mass media. E&#8217; vero che l&#8217;attenzione verso le questioni di genere e delle pari opportunit\u00e0 da parte dei\u00a0media \u00e8 aumentata negli anni pi\u00f9 recenti, ma le donne continuano a essere marginalizzate e spesso rappresentate in modo palesemente o sottilmente stereotipato. E\u00a0non\u00a0bastano buoni \u201cservizi\u201d su temi specifici a fare un&#8217;informazione gender fair. Per questo il gruppo pari opportunit\u00e0 del Consiglio nazionale dell&#8217;Ordine dei Giornalisti ha deciso di pubblicare un\u00a0Manuale per una corretta rappresentazione delle donne nell&#8217;informazione contenente alcuni dati di contesto, sulla presenza (assenza) delle donne nei contenuti dei media, l&#8217;analisi di buone e cattive pratiche giornalistiche e una serie di raccomandazioni utili per fare un&#8217;informazione inclusiva e rispettosa della dignit\u00e0 femminile. Con un capitolo dedicato al linguaggio verbale, perch\u00e9 il mondo \u00e8 cambiato ed \u00e8 importante che il linguaggio giornalistico, anche per il potere e la responsabilit\u00e0 sociale che detiene, si adegui ai tempi.<\/p>","protected":false},"excerpt":{"rendered":"<p>Sorry, this entry is only available in It.La valorizzazione delle presenze femminili si sta facendo strada in vari livelli della nostra societ\u00e0,\u00a0ma resta ancora fortemente condizionata da stereotipi e cultura sessista nei mass media. E&#8217; vero che l&#8217;attenzione verso le questioni di genere e delle pari opportunit\u00e0 da parte dei\u00a0media &hellip; <a href=\"https:\/\/www.osservatorio.it\/en\/tuttaltro-genere-dinformazione\/\">Continued<\/a><\/p>\n","protected":false},"author":7,"featured_media":1317,"comment_status":"closed","ping_status":"closed","sticky":false,"template":"","format":"standard","meta":{"_acf_changed":false,"inline_featured_image":false,"footnotes":""},"categories":[12,1],"tags":[],"class_list":["post-1313","post","type-post","status-publish","format-standard","has-post-thumbnail","hentry","category-prospettive-di-genere","category-senza-categoria"],"acf":[],"_links":{"self":[{"href":"https:\/\/www.osservatorio.it\/en\/wp-json\/wp\/v2\/posts\/1313","targetHints":{"allow":["GET"]}}],"collection":[{"href":"https:\/\/www.osservatorio.it\/en\/wp-json\/wp\/v2\/posts"}],"about":[{"href":"https:\/\/www.osservatorio.it\/en\/wp-json\/wp\/v2\/types\/post"}],"author":[{"embeddable":true,"href":"https:\/\/www.osservatorio.it\/en\/wp-json\/wp\/v2\/users\/7"}],"replies":[{"embeddable":true,"href":"https:\/\/www.osservatorio.it\/en\/wp-json\/wp\/v2\/comments?post=1313"}],"version-history":[{"count":4,"href":"https:\/\/www.osservatorio.it\/en\/wp-json\/wp\/v2\/posts\/1313\/revisions"}],"predecessor-version":[{"id":1673,"href":"https:\/\/www.osservatorio.it\/en\/wp-json\/wp\/v2\/posts\/1313\/revisions\/1673"}],"wp:featuredmedia":[{"embeddable":true,"href":"https:\/\/www.osservatorio.it\/en\/wp-json\/wp\/v2\/media\/1317"}],"wp:attachment":[{"href":"https:\/\/www.osservatorio.it\/en\/wp-json\/wp\/v2\/media?parent=1313"}],"wp:term":[{"taxonomy":"category","embeddable":true,"href":"https:\/\/www.osservatorio.it\/en\/wp-json\/wp\/v2\/categories?post=1313"},{"taxonomy":"post_tag","embeddable":true,"href":"https:\/\/www.osservatorio.it\/en\/wp-json\/wp\/v2\/tags?post=1313"}],"curies":[{"name":"wp","href":"https:\/\/api.w.org\/{rel}","templated":true}]}}