{"id":2704,"date":"2017-10-13T16:44:39","date_gmt":"2017-10-13T14:44:39","guid":{"rendered":"https:\/\/www.osservatorio.it\/?p=2704"},"modified":"2021-03-02T15:36:28","modified_gmt":"2021-03-02T14:36:28","slug":"100esperte-vince-premio-arete-categoria-comunicazione-sociale","status":"publish","type":"post","link":"https:\/\/www.osservatorio.it\/en\/100esperte-vince-premio-arete-categoria-comunicazione-sociale\/","title":{"rendered":"#100esperte vince il Premio Aret\u00e8, categoria Comunicazione sociale"},"content":{"rendered":"<p class=\"qtranxs-available-languages-message qtranxs-available-languages-message-en\">Sorry, this entry is only available in <a href=\"https:\/\/www.osservatorio.it\/it\/wp-json\/wp\/v2\/posts\/2704\" class=\"qtranxs-available-language-link qtranxs-available-language-link-it\" title=\"It\">It<\/a>.<\/p><p>Il progetto &#8220;100 donne contro gli stereotipi&#8221;\u00a0con la sua bancadati\u00a0<a href=\"https:\/\/100esperte.it\/search\" target=\"_blank\" rel=\"noopener noreferrer\">100esperte.it<\/a>\u00a0\u00e8 stato premiato come\u00a0secondo classificato\u00a0alla\u00a014^ edizione del Premio Aret\u00e9\u00a0nella categoria\u00a0Comunicazione Sociale.<\/p>\n<p>Il prestigioso riconoscimento, che da quest\u2019anno \u00e8 in collaborazione con il Salone della CSR e dell\u2019Innovazione Sociale, \u00e8 stato conferito il 3 ottobre all&#8217;Universit\u00e0 Bocconi di Milano proprio nell&#8217;ambito del Salone dedicato alla Responsabilit\u00e0 Sociale.<\/p>\n<div><a href=\"https:\/\/100esperte.it\/news\/100esperte-vince-il-premio-arete-categoria-comunicazione-sociale\/%20http:\/www.comunicazioneresponsabile.org\/premio-arete\/\" target=\"_blank\" rel=\"noopener noreferrer\">http:\/\/www.comunicazioneresponsabile.org\/premio-arete\/<\/a><\/div>\n<div><\/div>\n<div><a href=\"https:\/\/100esperte.it\/news\/100esperte-vince-il-premio-arete-categoria-comunicazione-sociale\/%20http:\/www.csreinnovazionesociale.it\" target=\"_blank\" rel=\"noopener noreferrer\">http:\/\/www.csreinnovazionesociale.it<\/a><\/div>\n<div><\/div>\n<div><\/div>\n<div><\/div>\n<div><\/div>\n<p>https:\/\/www.youtube.com\/watch?v=lm90fOSFMOs<\/p>","protected":false},"excerpt":{"rendered":"<p>Sorry, this entry is only available in It.Il progetto &#8220;100 donne contro gli stereotipi&#8221;\u00a0con la sua bancadati\u00a0100esperte.it\u00a0\u00e8 stato premiato come\u00a0secondo classificato\u00a0alla\u00a014^ edizione del Premio Aret\u00e9\u00a0nella categoria\u00a0Comunicazione Sociale. Il prestigioso riconoscimento, che da quest\u2019anno \u00e8 in collaborazione con il Salone della CSR e dell\u2019Innovazione Sociale, \u00e8 stato conferito il 3 ottobre &hellip; <a href=\"https:\/\/www.osservatorio.it\/en\/100esperte-vince-premio-arete-categoria-comunicazione-sociale\/\">Continued<\/a><\/p>\n","protected":false},"author":2,"featured_media":2705,"comment_status":"closed","ping_status":"closed","sticky":false,"template":"","format":"aside","meta":{"_acf_changed":false,"inline_featured_image":false,"footnotes":""},"categories":[12,1],"tags":[],"class_list":["post-2704","post","type-post","status-publish","format-aside","has-post-thumbnail","hentry","category-prospettive-di-genere","category-senza-categoria","post_format-post-format-aside"],"acf":[],"_links":{"self":[{"href":"https:\/\/www.osservatorio.it\/en\/wp-json\/wp\/v2\/posts\/2704","targetHints":{"allow":["GET"]}}],"collection":[{"href":"https:\/\/www.osservatorio.it\/en\/wp-json\/wp\/v2\/posts"}],"about":[{"href":"https:\/\/www.osservatorio.it\/en\/wp-json\/wp\/v2\/types\/post"}],"author":[{"embeddable":true,"href":"https:\/\/www.osservatorio.it\/en\/wp-json\/wp\/v2\/users\/2"}],"replies":[{"embeddable":true,"href":"https:\/\/www.osservatorio.it\/en\/wp-json\/wp\/v2\/comments?post=2704"}],"version-history":[{"count":4,"href":"https:\/\/www.osservatorio.it\/en\/wp-json\/wp\/v2\/posts\/2704\/revisions"}],"predecessor-version":[{"id":2709,"href":"https:\/\/www.osservatorio.it\/en\/wp-json\/wp\/v2\/posts\/2704\/revisions\/2709"}],"wp:featuredmedia":[{"embeddable":true,"href":"https:\/\/www.osservatorio.it\/en\/wp-json\/wp\/v2\/media\/2705"}],"wp:attachment":[{"href":"https:\/\/www.osservatorio.it\/en\/wp-json\/wp\/v2\/media?parent=2704"}],"wp:term":[{"taxonomy":"category","embeddable":true,"href":"https:\/\/www.osservatorio.it\/en\/wp-json\/wp\/v2\/categories?post=2704"},{"taxonomy":"post_tag","embeddable":true,"href":"https:\/\/www.osservatorio.it\/en\/wp-json\/wp\/v2\/tags?post=2704"}],"curies":[{"name":"wp","href":"https:\/\/api.w.org\/{rel}","templated":true}]}}