{"id":3421,"date":"2020-03-05T14:55:39","date_gmt":"2020-03-05T13:55:39","guid":{"rendered":"https:\/\/www.osservatorio.it\/?p=3421"},"modified":"2021-01-21T20:58:54","modified_gmt":"2021-01-21T19:58:54","slug":"il-contagio-del-coronavirus-nei-telegiornali-italiani","status":"publish","type":"post","link":"https:\/\/www.osservatorio.it\/en\/il-contagio-del-coronavirus-nei-telegiornali-italiani\/","title":{"rendered":"Il contagio del coronavirus nei telegiornali italiani"},"content":{"rendered":"<p class=\"qtranxs-available-languages-message qtranxs-available-languages-message-en\">Sorry, this entry is only available in <a href=\"https:\/\/www.osservatorio.it\/it\/wp-json\/wp\/v2\/posts\/3421\" class=\"qtranxs-available-language-link qtranxs-available-language-link-it\" title=\"It\">It<\/a>.<\/p><p>L\u2019emergenza <strong>Covid-19<\/strong>, gi\u00e0 da oltre un mese al centro della cronaca, \u00e8 diventata la grande protagonista del racconto mediatico italiano.<\/p>\n<p>Venerd\u00ec 21 febbraio la notizia del primo caso di coronavirus accertato a Codogno, in Lombardia, viene diffusa da tutti i mezzi di informazione che danno il via a una narrazione quasi ininterrotta di quella che, di ora in ora, assume in modo sempre pi\u00f9 definito i contorni di un\u2019emergenza nazionale.<\/p>\n<p>Per dare una prima misura di quanto sia stata rilevante l\u2019attenzione mediatica, l\u2019Osservatorio di Pavia ha calcolato quanto spazio i telegiornali nazionali del <em>prime time\u00a0<\/em>hanno riservato al tema coronavirus nei primi due weekend di emergenza sanitaria in Italia.<\/p>\n<p>&nbsp;<\/p>\n<p><em>Weekend a confronto:<\/em><\/p>\n<ul>\n<li>21-22-23 febbraio<\/li>\n<li>28-29 febbraio &#8211; 1 marzo<\/li>\n<\/ul>\n<p>&nbsp;<\/p>\n<p><em>TG analizzati<strong>:<\/strong><\/em><\/p>\n<ul>\n<li>TG1 20:00<\/li>\n<li>TG2 20:30<\/li>\n<li>TG3 19:00<\/li>\n<li>TG4 18:55<\/li>\n<li>TG5 20:00<\/li>\n<li>Studio Aperto 18:30<\/li>\n<li>TG La7 20:00<\/li>\n<\/ul>\n<p>&nbsp;<\/p>\n<p>Dai primi risultati ottenuti emerge in modo chiaro come il tema abbia letteralmente monopolizzato l\u2019attenzione di tutti i telegiornali. Un primo dato significativo mette a confronto lo spazio, in notizie, dedicato all\u2019emergenza coronavirus dai notiziari. Nel weekend del 21-23 febbraio, quello di maggiore apprensione, coinciso con le prime allarmanti notizie sui contagi e con l\u2019assalto ai supermercati, i notiziari hanno dedicato uno spazio estremamente ampio all\u2019argomento: l\u201982,5% sul totale. Nel secondo weekend, invece, i toni si fanno meno allarmistici e cala anche il tempo e il numero di notizie sull\u2019emergenza, attestandosi al 58% sul totale.<\/p>\n<p><img loading=\"lazy\" decoding=\"async\" class=\" wp-image-3424 aligncenter\" src=\"https:\/\/www.osservatorio.it\/wp-content\/uploads\/2020\/03\/Schermata-2020-03-05-alle-13.47.04-350x197.png\" alt=\"\" width=\"751\" height=\"423\" srcset=\"https:\/\/www.osservatorio.it\/wp-content\/uploads\/2020\/03\/Schermata-2020-03-05-alle-13.47.04-350x197.png 350w, https:\/\/www.osservatorio.it\/wp-content\/uploads\/2020\/03\/Schermata-2020-03-05-alle-13.47.04-768x432.png 768w, https:\/\/www.osservatorio.it\/wp-content\/uploads\/2020\/03\/Schermata-2020-03-05-alle-13.47.04-1024x577.png 1024w, https:\/\/www.osservatorio.it\/wp-content\/uploads\/2020\/03\/Schermata-2020-03-05-alle-13.47.04-750x422.png 750w, https:\/\/www.osservatorio.it\/wp-content\/uploads\/2020\/03\/Schermata-2020-03-05-alle-13.47.04.png 1204w\" sizes=\"auto, (max-width: 751px) 100vw, 751px\" \/><em>\u00a0 \u00a0 \u00a0 \u00a0 \u00a0 \u00a0 \u00a0 \u00a0 \u00a0 \u00a0 \u00a0 \u00a0 \u00a0 \u00a0 \u00a0 \u00a0 \u00a0 \u00a0 \u00a0 \u00a0 \u00a0 \u00a0 \u00a0 \u00a0 \u00a0 \u00a0 Elaborazioni e dati a cura di CARES-Osservatorio di Pavia<\/em><\/p>\n<p>Analizzando nel dettaglio lo spazio assegnato all\u2019emergenza coronavirus dai diversi notiziari considerati, si passa da un 96,4% di notizie dedicate al tema dal TG4 (la quasi totalit\u00e0 del telegiornale), al 91,9% del TG La7 e al 90% del TG2. Lievemente inferiore, ma comunque elevato, lo spazio riservato all\u2019emergenza dagli altri telegiornali: ultimo in classifica Studio Aperto con \u201cappena\u201d il 72,5% di notizie sul coronavirus. Va segnalato, inoltre, che sabato 22 febbraio il TG La7 ha riservato all\u2019argomento una lunga edizione speciale andata in onda in coda al TG e per questo non inclusa nel campione di analisi.<\/p>\n<p><img loading=\"lazy\" decoding=\"async\" class=\"alignnone wp-image-3450\" src=\"https:\/\/www.osservatorio.it\/wp-content\/uploads\/2020\/03\/Schermata-2020-03-05-alle-14.24.24-350x216.png\" alt=\"\" width=\"915\" height=\"565\" srcset=\"https:\/\/www.osservatorio.it\/wp-content\/uploads\/2020\/03\/Schermata-2020-03-05-alle-14.24.24-350x216.png 350w, https:\/\/www.osservatorio.it\/wp-content\/uploads\/2020\/03\/Schermata-2020-03-05-alle-14.24.24-768x473.png 768w, https:\/\/www.osservatorio.it\/wp-content\/uploads\/2020\/03\/Schermata-2020-03-05-alle-14.24.24-1024x631.png 1024w, https:\/\/www.osservatorio.it\/wp-content\/uploads\/2020\/03\/Schermata-2020-03-05-alle-14.24.24-750x462.png 750w\" sizes=\"auto, (max-width: 915px) 100vw, 915px\" \/><\/p>\n<p><em>\u00a0 \u00a0 \u00a0 \u00a0 \u00a0 \u00a0 \u00a0 \u00a0 \u00a0 \u00a0 \u00a0 \u00a0 \u00a0 \u00a0 \u00a0 \u00a0 \u00a0 \u00a0 \u00a0 \u00a0 \u00a0 \u00a0 \u00a0 \u00a0 \u00a0 \u00a0 \u00a0 \u00a0 \u00a0 \u00a0 \u00a0 \u00a0 \u00a0 \u00a0 \u00a0 \u00a0 \u00a0 \u00a0<\/em><\/p>\n<p>Nel weekend successivo, pur notando una diminuzione della percentuale di notizie, il tema rimane comunque di assoluta centralit\u00e0, con cinque telegiornali su sette che dedicano pi\u00f9 della met\u00e0 del loro spazio all\u2019emergenza. Varia anche la distribuzione dell\u2019attenzione nei diversi TG: il notiziario a concedere maggiore spazio all\u2019allerta coronavirus risulta il TG3 (70,4% sul totale), seguito dal TG4 (67,7%) e dal TG1 (64,3%). Cala drasticamente lo spazio dedicato dal TG La7: dal 91,9% nel weekend precedente, al 60% dell\u2019ultimo weekend di emergenza sanitaria.<\/p>\n<p style=\"text-align: left;\"><img loading=\"lazy\" decoding=\"async\" class=\"alignnone wp-image-3453\" src=\"https:\/\/www.osservatorio.it\/wp-content\/uploads\/2020\/03\/Schermata-2020-03-05-alle-14.27.31-350x218.png\" alt=\"\" width=\"944\" height=\"588\" srcset=\"https:\/\/www.osservatorio.it\/wp-content\/uploads\/2020\/03\/Schermata-2020-03-05-alle-14.27.31-350x218.png 350w, https:\/\/www.osservatorio.it\/wp-content\/uploads\/2020\/03\/Schermata-2020-03-05-alle-14.27.31-768x478.png 768w, https:\/\/www.osservatorio.it\/wp-content\/uploads\/2020\/03\/Schermata-2020-03-05-alle-14.27.31-1024x637.png 1024w, https:\/\/www.osservatorio.it\/wp-content\/uploads\/2020\/03\/Schermata-2020-03-05-alle-14.27.31-750x467.png 750w, https:\/\/www.osservatorio.it\/wp-content\/uploads\/2020\/03\/Schermata-2020-03-05-alle-14.27.31.png 1440w\" sizes=\"auto, (max-width: 944px) 100vw, 944px\" \/><\/p>\n<p style=\"text-align: left;\">\u00a0Il calo dello spazio dedicato al tema coincide con un cambio di rotta anche nella comunicazione della stessa emergenza: se nel primo weekend abbondavano i servizi con immagini di supermercati vuoti e strade deserte, nel secondo i servizi, rispecchiando il lento ritorno alla \u201cnormalit\u00e0\u201d, diventano meno allarmistici e invitano alla cautela. Restano comunque presenti immagini e testimonianze allarmanti dalla \u201czona rossa\u201d che denotano una situazione ancora seria, a cui si uniscono i non meno preoccupanti servizi sugli effetti economici del coronavirus.<\/p>\n<p>Un racconto mediatico in evoluzione che rispecchia perfettamente l\u2019alternarsi di rassicurazioni su una quotidianit\u00e0 che deve nonostante tutto andare avanti e il preoccupante resoconto della crescita di un\u2019epidemia che potrebbe monopolizzare ancora a lungo l\u2019agenda dell\u2019informazione in Italia e nel mondo.<\/p>","protected":false},"excerpt":{"rendered":"<p>Sorry, this entry is only available in It.L\u2019emergenza Covid-19, gi\u00e0 da oltre un mese al centro della cronaca, \u00e8 diventata la grande protagonista del racconto mediatico italiano. Venerd\u00ec 21 febbraio la notizia del primo caso di coronavirus accertato a Codogno, in Lombardia, viene diffusa da tutti i mezzi di informazione &hellip; <a href=\"https:\/\/www.osservatorio.it\/en\/il-contagio-del-coronavirus-nei-telegiornali-italiani\/\">Continued<\/a><\/p>\n","protected":false},"author":5,"featured_media":3460,"comment_status":"closed","ping_status":"closed","sticky":false,"template":"","format":"standard","meta":{"_acf_changed":false,"inline_featured_image":false,"footnotes":""},"categories":[6,1],"tags":[67,68,69,70,57],"class_list":["post-3421","post","type-post","status-publish","format-standard","has-post-thumbnail","hentry","category-ambiente","category-senza-categoria","tag-coronavirus","tag-covid-19","tag-emergenza","tag-primetime","tag-telegiornali"],"acf":[],"_links":{"self":[{"href":"https:\/\/www.osservatorio.it\/en\/wp-json\/wp\/v2\/posts\/3421","targetHints":{"allow":["GET"]}}],"collection":[{"href":"https:\/\/www.osservatorio.it\/en\/wp-json\/wp\/v2\/posts"}],"about":[{"href":"https:\/\/www.osservatorio.it\/en\/wp-json\/wp\/v2\/types\/post"}],"author":[{"embeddable":true,"href":"https:\/\/www.osservatorio.it\/en\/wp-json\/wp\/v2\/users\/5"}],"replies":[{"embeddable":true,"href":"https:\/\/www.osservatorio.it\/en\/wp-json\/wp\/v2\/comments?post=3421"}],"version-history":[{"count":39,"href":"https:\/\/www.osservatorio.it\/en\/wp-json\/wp\/v2\/posts\/3421\/revisions"}],"predecessor-version":[{"id":3550,"href":"https:\/\/www.osservatorio.it\/en\/wp-json\/wp\/v2\/posts\/3421\/revisions\/3550"}],"wp:featuredmedia":[{"embeddable":true,"href":"https:\/\/www.osservatorio.it\/en\/wp-json\/wp\/v2\/media\/3460"}],"wp:attachment":[{"href":"https:\/\/www.osservatorio.it\/en\/wp-json\/wp\/v2\/media?parent=3421"}],"wp:term":[{"taxonomy":"category","embeddable":true,"href":"https:\/\/www.osservatorio.it\/en\/wp-json\/wp\/v2\/categories?post=3421"},{"taxonomy":"post_tag","embeddable":true,"href":"https:\/\/www.osservatorio.it\/en\/wp-json\/wp\/v2\/tags?post=3421"}],"curies":[{"name":"wp","href":"https:\/\/api.w.org\/{rel}","templated":true}]}}